{"id":313,"date":"2023-11-27T10:12:19","date_gmt":"2023-11-27T13:12:19","guid":{"rendered":"https:\/\/wnogueira.adv.br\/?p=313"},"modified":"2024-06-03T12:01:18","modified_gmt":"2024-06-03T15:01:18","slug":"garanta-seus-direitos-energia-ou-agua-cortada-saiba-o-que-fazer","status":"publish","type":"post","link":"https:\/\/wnogueira.adv.br\/?p=313","title":{"rendered":"GARANTA SEUS DIREITOS: ENERGIA OU \u00c1GUA CORTADA? SAIBA O QUE FAZER!"},"content":{"rendered":"\n<p>Voc\u00ea j\u00e1 passou pelo desconforto de ter sua <strong>energia ou \u00e1gua cortada<\/strong>, especialmente quando isso ocorre nos <strong>finais de semana ou at\u00e9 mesmo com a conta paga<\/strong>? Sabemos que essa situa\u00e7\u00e3o pode ser mais do que um mero inconveniente &#8211; pode ser um grande problema. Seus direitos como consumidor est\u00e3o protegidos, e a lei assegura que voc\u00ea <strong>receba a justa compensa\u00e7\u00e3o<\/strong> por eventuais constrangimentos.<\/p>\n\n\n\n<figure class=\"wp-block-table editorskit-no-mobile\"><table><thead><tr><td><strong>Voc\u00ea pode acionar a justi\u00e7a<\/strong><\/td><td><strong>Voc\u00ea N\u00c3O pode acionar a justi\u00e7a<\/strong><\/td><\/tr><\/thead><tbody><tr><td>\u2705 Corte na sexta a partir das 18:00h, s\u00e1bados, domingos e feriados.<\/td><td>\u274c Corte durante a semana com contas atrasadas.<\/td><\/tr><tr><td>\u2705 Corte sem aviso pr\u00e9vio com 15 dias de anteced\u00eancia.<\/td><td>\u274c Com aviso pr\u00e9vio de 15 dias e mais contas atrasadas.<\/td><\/tr><tr><td>\u2705 Quando voc\u00ea pagou a conta no mesmo dia e est\u00e1 com o comprovante em m\u00e3os.<\/td><td>\u274c Com v\u00e1rias faturas atrasadas e sem negocia\u00e7\u00e3o feita com a concession\u00e1ria.<\/td><\/tr><tr><td>\u2705 Demorarem mais de 24h (urbano)\/48h (rural) para religar energia\/\u00e1gua.<\/td><td>\u274c Quando \u00e9 multado por romper o lacre sem autoriza\u00e7\u00e3o judicial.<\/td><\/tr><\/tbody><\/table><\/figure>\n\n\n\n<figure class=\"wp-block-table editorskit-no-desktop editorskit-no-tablet\"><table><thead><tr><th><strong>Voc\u00ea pode acionar a justi\u00e7a<\/strong><\/th><\/tr><\/thead><tbody><tr><td>\u2705 Corte na sexta a partir das 18:00h, s\u00e1bados, domingos e feriados.<\/td><\/tr><tr><td>\u2705 Corte sem aviso pr\u00e9vio com 15 dias de anteced\u00eancia.<\/td><\/tr><tr><td>\u2705 Quando voc\u00ea pagou a conta no mesmo dia e est\u00e1 com o comprovante em m\u00e3os.<\/td><\/tr><tr><td>\u2705 Demorarem mais de 24h (urbano)\/48h (rural) para religar energia\/\u00e1gua.<\/td><\/tr><\/tbody><\/table><\/figure>\n\n\n\n<figure class=\"wp-block-table editorskit-no-desktop editorskit-no-tablet\"><table><thead><tr><th><strong>Voc\u00ea N\u00c3O pode acionar a justi\u00e7a<\/strong><\/th><\/tr><\/thead><tbody><tr><td>\u274c Corte durante a semana com contas atrasadas.<\/td><\/tr><tr><td>\u274c Com aviso pr\u00e9vio de 15 dias e mais contas atrasadas.<\/td><\/tr><tr><td>\u274c Com v\u00e1rias faturas atrasadas e sem negocia\u00e7\u00e3o feita com a concession\u00e1ria.<\/td><\/tr><tr><td>\u274c Quando \u00e9 multado por romper o lacre sem autoriza\u00e7\u00e3o judicial.<\/td><\/tr><\/tbody><\/table><\/figure>\n\n\n\n<p><strong>Fique atento:<\/strong><\/p>\n\n\n\n<p>\u26a0\ufe0f Observe se na sua fatura tem o aviso de corte, costuma vir na fatura do m\u00eas seguinte.<br>\u26a0\ufe0f O pagamento deve ser pontual, nem sempre os ju\u00edzes entendem pelo dano moral.<\/p>\n\n\n\n<h3 class=\"wp-block-heading has-text-align-center\">Precisa de ajuda?<\/h3>\n\n\n\n<p class=\"has-text-align-center\"><strong>Fale agora com um de nossos especialistas, sem custo e sem sair de casa!<\/strong><\/p>\n\n\n\n<div class=\"wp-block-buttons is-content-justification-center is-layout-flex wp-container-core-buttons-is-layout-1 wp-block-buttons-is-layout-flex\">\n<div class=\"wp-block-button\"><a class=\"wp-block-button__link has-background has-text-align-center wp-element-button\" href=\"https:\/\/wnogueira.adv.br\/falarcomespecialista\" style=\"background-color:#25d366\" target=\"_blank\" rel=\"noreferrer noopener\">Falar com Especialista<\/a><\/div>\n<\/div>\n\n\n\n<figure class=\"wp-block-embed is-type-video is-provider-youtube wp-block-embed-youtube wp-embed-aspect-16-9 wp-has-aspect-ratio\"><div class=\"wp-block-embed__wrapper\">\n<iframe title=\"Corte de energia ou \u00e1gua\" width=\"1290\" height=\"726\" src=\"https:\/\/www.youtube.com\/embed\/q8kMZc1Kzts?feature=oembed\" frameborder=\"0\" allow=\"accelerometer; autoplay; clipboard-write; encrypted-media; gyroscope; picture-in-picture; web-share\" referrerpolicy=\"strict-origin-when-cross-origin\" allowfullscreen><\/iframe>\n<\/div><figcaption class=\"wp-element-caption\">Assista nosso v\u00eddeo sobre o assunto<\/figcaption><\/figure>\n\n\n\n<h3 class=\"wp-block-heading\"><strong>ENTENDA SEUS DIREITOS:<\/strong><\/h3>\n\n\n\n<p>Os servi\u00e7os de \u00e1gua e energia s\u00e3o essenciais, e a suspens\u00e3o indevida desses servi\u00e7os pode causar danos morais \u2013 que \u00e9 todo o transtorno sofrido pelo consumidor &#8211; e at\u00e9 mesmo danos materiais \u2013 que s\u00e3o os preju\u00edzos de equipamentos ou produtos perdidos pelo consumidor. De acordo com a Lei n. 14.015\/2020, <strong>os cortes de energia e \u00e1gua s\u00e3o proibidos<\/strong> nas sextas ap\u00f3s as 18:00h, s\u00e1bados, domingos e feriados, inclusive por falta de pagamento. <strong>O consumidor que enfrenta cortes indevidos<\/strong> ser\u00e1 indenizado, <strong>podendo receber at\u00e9 R$ 10.000,00<\/strong>.<\/p>\n\n\n\n<p>Na maioria dos casos, <strong>os advogados conseguem<\/strong> que o juiz determine que os <strong>servi\u00e7os de energia e \u00e1gua sejam restabelecidos imediatamente<\/strong>!<\/p>\n\n\n\n<h3 class=\"wp-block-heading has-text-align-center\">Precisa de ajuda?<\/h3>\n\n\n\n<p class=\"has-text-align-center\"><strong>Fale agora com um de nossos especialistas, sem custo e sem sair de casa!<\/strong><\/p>\n\n\n\n<div class=\"wp-block-buttons is-content-justification-center is-layout-flex wp-container-core-buttons-is-layout-2 wp-block-buttons-is-layout-flex\">\n<div class=\"wp-block-button\"><a class=\"wp-block-button__link has-background has-text-align-center wp-element-button\" href=\"https:\/\/wnogueira.adv.br\/falarcomespecialista\" style=\"background-color:#25d366\" target=\"_blank\" rel=\"noreferrer noopener\">Falar com Especialista<\/a><\/div>\n<\/div>\n\n\n\n<h3 class=\"wp-block-heading\"><strong>PROTE\u00c7\u00c3O CONTRA INTERRUP\u00c7\u00d5ES INDEVIDAS:<\/strong><\/h3>\n\n\n\n<p class=\"has-text-align-justify\"><strong>Se sua energia ou \u00e1gua foi cortada sem aviso pr\u00e9vio ou durante o final de semana<\/strong>, \u00e9 crucial&nbsp;<strong>procurar um advogado especialista<\/strong>&nbsp;para garantir seus direitos. A empresa respons\u00e1vel deve notificar o usu\u00e1rio durante hor\u00e1rio comercial antes de qualquer interrup\u00e7\u00e3o, com no m\u00ednimo 15 dias de anteced\u00eancia. Se a empresa interromper o fornecimento sem notifica\u00e7\u00e3o, estar\u00e1 sujeita a multas e n\u00e3o poder\u00e1 cobrar pela taxa de religa\u00e7\u00e3o.<\/p>\n\n\n\n<p class=\"has-text-align-justify\">Al\u00e9m disso, \u00e9 importante destacar que&nbsp;<strong>os cortes s\u00f3 podem ocorrer em hor\u00e1rio comercial<\/strong>, que \u00e9 das 08:00h \u00e0s 18:00h, e n\u00e3o aos finais de semana. O aviso sobre o corte deve ser enviado com pelo menos 15 dias de anteced\u00eancia e <strong>\u00e9 importante observar as faturas pois o aviso de corte costuma vir junto com a conta do m\u00eas seguinte<\/strong> em atraso.<\/p>\n\n\n\n<p class=\"has-text-align-justify\">Vale lembrar que, <strong>ap\u00f3s o pedido de religa\u00e7\u00e3o do corte com a conta paga,<\/strong> o servi\u00e7o deve ocorrer dentro dos prazos estabelecidos (24h em \u00e1reas urbanas e 48h em zonas rurais), se n\u00e3o ocorrer, o consumidor tamb\u00e9m tem o direito de entrar com uma a\u00e7\u00e3o para exigir repara\u00e7\u00e3o de danos materiais e morais devido \u00e0 falha da prestadora de servi\u00e7o.<\/p>\n\n\n\n<h3 class=\"wp-block-heading\"><strong>PROTE\u00c7\u00c3O CONTRA COBRAN\u00c7AS INDEVIDAS:<\/strong><\/h3>\n\n\n\n<p class=\"has-text-align-justify\">Muitas vezes, as empresas tentam cobrar&nbsp;<strong>recupera\u00e7\u00e3o de consumo, solicitando o pagamento de diferen\u00e7as de consumo anteriores<\/strong>&nbsp;e, em alguns casos, at\u00e9 mesmo a substitui\u00e7\u00e3o do rel\u00f3gio e aplica\u00e7\u00e3o de uma d\u00edvida com valor exorbitante. Essas pr\u00e1ticas podem ser ilegais.&nbsp;<strong>Consulte um advogado para uma an\u00e1lise detalhada<\/strong>&nbsp;e assegure-se de que voc\u00ea n\u00e3o est\u00e1 sendo prejudicado financeiramente.<\/p>\n\n\n\n<p class=\"has-text-align-justify\">N\u00e3o aceite passivamente o corte de energia ou \u00e1gua. Seus direitos s\u00e3o inegoci\u00e1veis.&nbsp;<strong>Consulte um advogado especialista e garanta a prote\u00e7\u00e3o que voc\u00ea merece<\/strong>. Procure agora mesmo entender melhor e coloque um ponto final nos constrangimentos causados por cortes indevidos!<\/p>\n\n\n\n<h2 class=\"wp-block-heading\">Precisa de ajuda?<\/h2>\n\n\n\n<p><strong>Fale agora com um de nossos especialistas, sem custo e sem sair de casa!<\/strong><\/p>\n\n\n\n<div class=\"wp-block-buttons is-layout-flex wp-block-buttons-is-layout-flex\">\n<div class=\"wp-block-button\"><a class=\"wp-block-button__link has-background wp-element-button\" href=\"https:\/\/wnogueira.adv.br\/falarcomespecialista\" style=\"background-color:#25d366\" target=\"_blank\" rel=\"noreferrer noopener\">Falar com Especialista<\/a><\/div>\n<\/div>\n","protected":false},"excerpt":{"rendered":"<p>Voc\u00ea j\u00e1 passou pelo desconforto de ter sua energia ou \u00e1gua cortada, especialmente quando isso ocorre nos finais de semana ou at\u00e9 mesmo com a conta paga? Sabemos que essa situa\u00e7\u00e3o pode ser mais do que um mero inconveniente &#8211; pode ser um grande problema. Seus direitos como consumidor est\u00e3o protegidos, e a lei assegura que voc\u00ea receba a justa compensa\u00e7\u00e3o por eventuais constrangimentos. Voc\u00ea pode acionar a justi\u00e7a Voc\u00ea N\u00c3O pode acionar a justi\u00e7a \u2705 Corte na sexta a partir das 18:00h, s\u00e1bados, domingos e feriados. \u274c Corte durante a semana com contas atrasadas. \u2705 Corte sem aviso pr\u00e9vio com 15 dias de anteced\u00eancia. \u274c Com aviso pr\u00e9vio de 15 dias e mais contas atrasadas. \u2705 Quando voc\u00ea pagou a conta no mesmo dia e est\u00e1 com o comprovante em m\u00e3os. \u274c Com v\u00e1rias faturas atrasadas e sem negocia\u00e7\u00e3o feita com a concession\u00e1ria. \u2705 Demorarem mais de 24h (urbano)\/48h (rural) para religar energia\/\u00e1gua. \u274c Quando \u00e9 multado por romper o lacre sem autoriza\u00e7\u00e3o judicial. Voc\u00ea pode acionar a justi\u00e7a \u2705 Corte na sexta a partir das 18:00h, s\u00e1bados, domingos e feriados. \u2705 Corte sem aviso pr\u00e9vio com 15 dias de anteced\u00eancia. \u2705 Quando voc\u00ea pagou a conta no mesmo dia e est\u00e1 com o comprovante em m\u00e3os. \u2705 Demorarem mais de 24h (urbano)\/48h (rural) para religar energia\/\u00e1gua. Voc\u00ea N\u00c3O pode acionar a justi\u00e7a \u274c Corte durante a semana com contas atrasadas. \u274c Com aviso pr\u00e9vio de 15 dias e mais contas atrasadas. \u274c Com v\u00e1rias faturas atrasadas e sem negocia\u00e7\u00e3o feita com a concession\u00e1ria. \u274c Quando \u00e9 multado por romper o lacre sem autoriza\u00e7\u00e3o judicial. Fique atento: \u26a0\ufe0f Observe se na sua fatura tem o aviso de corte, costuma vir na fatura do m\u00eas seguinte.\u26a0\ufe0f O pagamento deve ser pontual, nem sempre os ju\u00edzes entendem pelo dano moral. Precisa de ajuda? Fale agora com um de nossos especialistas, sem custo e sem sair de casa! ENTENDA SEUS DIREITOS: Os servi\u00e7os de \u00e1gua e energia s\u00e3o essenciais, e a suspens\u00e3o indevida desses servi\u00e7os pode causar danos morais \u2013 que \u00e9 todo o transtorno sofrido pelo consumidor &#8211; e at\u00e9 mesmo danos materiais \u2013 que s\u00e3o os preju\u00edzos de equipamentos ou produtos perdidos pelo consumidor. De acordo com a Lei n. 14.015\/2020, os cortes de energia e \u00e1gua s\u00e3o proibidos nas sextas ap\u00f3s as 18:00h, s\u00e1bados, domingos e feriados, inclusive por falta de pagamento. O consumidor que enfrenta cortes indevidos ser\u00e1 indenizado, podendo receber at\u00e9 R$ 10.000,00. Na maioria dos casos, os advogados conseguem que o juiz determine que os servi\u00e7os de energia e \u00e1gua sejam restabelecidos imediatamente! Precisa de ajuda? Fale agora com um de nossos especialistas, sem custo e sem sair de casa! PROTE\u00c7\u00c3O CONTRA INTERRUP\u00c7\u00d5ES INDEVIDAS: Se sua energia ou \u00e1gua foi cortada sem aviso pr\u00e9vio ou durante o final de semana, \u00e9 crucial&nbsp;procurar um advogado especialista&nbsp;para garantir seus direitos. A empresa respons\u00e1vel deve notificar o usu\u00e1rio durante hor\u00e1rio comercial antes de qualquer interrup\u00e7\u00e3o, com no m\u00ednimo 15 dias de anteced\u00eancia. Se a empresa interromper o fornecimento sem notifica\u00e7\u00e3o, estar\u00e1 sujeita a multas e n\u00e3o poder\u00e1 cobrar pela taxa de religa\u00e7\u00e3o. Al\u00e9m disso, \u00e9 importante destacar que&nbsp;os cortes s\u00f3 podem ocorrer em hor\u00e1rio comercial, que \u00e9 das 08:00h \u00e0s 18:00h, e n\u00e3o aos finais de semana. O aviso sobre o corte deve ser enviado com pelo menos 15 dias de anteced\u00eancia e \u00e9 importante observar as faturas pois o aviso de corte costuma vir junto com a conta do m\u00eas seguinte em atraso. Vale lembrar que, ap\u00f3s o pedido de religa\u00e7\u00e3o do corte com a conta paga, o servi\u00e7o deve ocorrer dentro dos prazos estabelecidos (24h em \u00e1reas urbanas e 48h em zonas rurais), se n\u00e3o ocorrer, o consumidor tamb\u00e9m tem o direito de entrar com uma a\u00e7\u00e3o para exigir repara\u00e7\u00e3o de danos materiais e morais devido \u00e0 falha da prestadora de servi\u00e7o. PROTE\u00c7\u00c3O CONTRA COBRAN\u00c7AS INDEVIDAS: Muitas vezes, as empresas tentam cobrar&nbsp;recupera\u00e7\u00e3o de consumo, solicitando o pagamento de diferen\u00e7as de consumo anteriores&nbsp;e, em alguns casos, at\u00e9 mesmo a substitui\u00e7\u00e3o do rel\u00f3gio e aplica\u00e7\u00e3o de uma d\u00edvida com valor exorbitante. Essas pr\u00e1ticas podem ser ilegais.&nbsp;Consulte um advogado para uma an\u00e1lise detalhada&nbsp;e assegure-se de que voc\u00ea n\u00e3o est\u00e1 sendo prejudicado financeiramente. N\u00e3o aceite passivamente o corte de energia ou \u00e1gua. Seus direitos s\u00e3o inegoci\u00e1veis.&nbsp;Consulte um advogado especialista e garanta a prote\u00e7\u00e3o que voc\u00ea merece. Procure agora mesmo entender melhor e coloque um ponto final nos constrangimentos causados por cortes indevidos! Precisa de ajuda? Fale agora com um de nossos especialistas, sem custo e sem sair de casa!<\/p>\n","protected":false},"author":2,"featured_media":418,"comment_status":"open","ping_status":"open","sticky":false,"template":"","format":"standard","meta":{"_editorskit_title_hidden":false,"_editorskit_reading_time":0,"_editorskit_is_block_options_detached":false,"_editorskit_block_options_position":"{}","footnotes":""},"categories":[14],"tags":[],"class_list":["post-313","post","type-post","status-publish","format-standard","has-post-thumbnail","hentry","category-direito-civil"],"blocksy_meta":[],"_links":{"self":[{"href":"https:\/\/wnogueira.adv.br\/index.php?rest_route=\/wp\/v2\/posts\/313","targetHints":{"allow":["GET"]}}],"collection":[{"href":"https:\/\/wnogueira.adv.br\/index.php?rest_route=\/wp\/v2\/posts"}],"about":[{"href":"https:\/\/wnogueira.adv.br\/index.php?rest_route=\/wp\/v2\/types\/post"}],"author":[{"embeddable":true,"href":"https:\/\/wnogueira.adv.br\/index.php?rest_route=\/wp\/v2\/users\/2"}],"replies":[{"embeddable":true,"href":"https:\/\/wnogueira.adv.br\/index.php?rest_route=%2Fwp%2Fv2%2Fcomments&post=313"}],"version-history":[{"count":0,"href":"https:\/\/wnogueira.adv.br\/index.php?rest_route=\/wp\/v2\/posts\/313\/revisions"}],"wp:featuredmedia":[{"embeddable":true,"href":"https:\/\/wnogueira.adv.br\/index.php?rest_route=\/wp\/v2\/media\/418"}],"wp:attachment":[{"href":"https:\/\/wnogueira.adv.br\/index.php?rest_route=%2Fwp%2Fv2%2Fmedia&parent=313"}],"wp:term":[{"taxonomy":"category","embeddable":true,"href":"https:\/\/wnogueira.adv.br\/index.php?rest_route=%2Fwp%2Fv2%2Fcategories&post=313"},{"taxonomy":"post_tag","embeddable":true,"href":"https:\/\/wnogueira.adv.br\/index.php?rest_route=%2Fwp%2Fv2%2Ftags&post=313"}],"curies":[{"name":"wp","href":"https:\/\/api.w.org\/{rel}","templated":true}]}}