{"id":141,"date":"2023-10-25T12:12:31","date_gmt":"2023-10-25T15:12:31","guid":{"rendered":"http:\/\/autworkautomacao"},"modified":"2023-12-01T12:01:19","modified_gmt":"2023-12-01T15:01:19","slug":"aposentadoria-por-idade-requisitos-e-calculo-do-beneficio","status":"publish","type":"post","link":"https:\/\/wnogueira.adv.br\/?p=141","title":{"rendered":"Aposentadoria por idade: requisitos e c\u00e1lculo do benef\u00edcio"},"content":{"rendered":"\n<p class=\"has-text-align-justify\">A aposentadoria por idade \u00e9 uma das modalidades de aposentadoria previstas na legisla\u00e7\u00e3o previdenci\u00e1ria brasileira. Para ter direito a esse benef\u00edcio, \u00e9 necess\u00e1rio preencher alguns requisitos estabelecidos pela lei. Neste artigo, iremos abordar os principais requisitos e o c\u00e1lculo do benef\u00edcio da aposentadoria por idade.<\/p>\n\n\n\n<p class=\"has-text-align-justify\">O primeiro requisito para ter direito \u00e0 aposentadoria por idade \u00e9 o tempo m\u00ednimo de contribui\u00e7\u00e3o. Para os segurados inscritos no Regime Geral de Previd\u00eancia Social (RGPS), o tempo m\u00ednimo de contribui\u00e7\u00e3o \u00e9 de 180 meses, ou seja, 15 anos. Al\u00e9m disso, \u00e9 necess\u00e1rio ter a idade m\u00ednima de 65 anos para homens e 60 anos para mulheres.<\/p>\n\n\n\n<p class=\"has-text-align-justify\">O valor da renda mensal inicial da aposentadoria por idade \u00e9 calculado com base na m\u00e9dia aritm\u00e9tica simples dos maiores sal\u00e1rios de contribui\u00e7\u00e3o do segurado, correspondentes a 80% de todo o per\u00edodo contributivo. O resultado desse c\u00e1lculo \u00e9 multiplicado pelo fator previdenci\u00e1rio, que leva em considera\u00e7\u00e3o a idade do segurado, o tempo de contribui\u00e7\u00e3o e a expectativa de sobrevida.<\/p>\n\n\n\n<p class=\"has-text-align-justify\">Com a reforma da previd\u00eancia, que entrou em vigor em 2019, houve mudan\u00e7as nas regras da aposentadoria por idade. A idade m\u00ednima para solicitar o benef\u00edcio foi alterada para 62 anos para mulheres e 65 anos para homens. Al\u00e9m disso, o tempo m\u00ednimo de contribui\u00e7\u00e3o para os segurados do RGPS aumentou para 20 anos.<\/p>\n\n\n\n<p class=\"has-text-align-justify\">No entanto, \u00e9 importante ressaltar que as regras de transi\u00e7\u00e3o foram estabelecidas para quem j\u00e1 estava contribuindo para a Previd\u00eancia Social antes da reforma. Para esses segurados, \u00e9 poss\u00edvel se aposentar por idade com idade m\u00ednima menor e tempo de contribui\u00e7\u00e3o reduzido.<\/p>\n\n\n\n<p class=\"has-text-align-justify\">Em resumo, a aposentadoria por idade \u00e9 uma modalidade de aposentadoria prevista na legisla\u00e7\u00e3o previdenci\u00e1ria brasileira. Para ter direito a esse benef\u00edcio, \u00e9 necess\u00e1rio preencher requisitos como o tempo m\u00ednimo de contribui\u00e7\u00e3o e a idade m\u00ednima exigida. Al\u00e9m disso, o c\u00e1lculo do benef\u00edcio \u00e9 feito com base na m\u00e9dia dos maiores sal\u00e1rios de contribui\u00e7\u00e3o e no fator previdenci\u00e1rio. Com a reforma da previd\u00eancia, as regras para aposentadoria por idade sofreram altera\u00e7\u00f5es, mas existem regras de transi\u00e7\u00e3o para quem j\u00e1 estava contribuindo antes da reforma.<\/p>\n\n\n\n<h2 class=\"wp-block-heading\">Ficou com alguma duvida?<\/h2>\n\n\n\n<p><strong>Fale agora com um de nossos especialistas, sem custo e sem sair de casa!<\/strong><\/p>\n\n\n\n<div class=\"wp-block-buttons is-layout-flex wp-block-buttons-is-layout-flex\">\n<div class=\"wp-block-button\"><a class=\"wp-block-button__link has-background wp-element-button\" href=\"https:\/\/wnogueira.adv.br\/falarcomespecialista\" style=\"background-color:#25d366\" target=\"_blank\" rel=\"noreferrer noopener\">Falar com Especialista<\/a><\/div>\n<\/div>\n","protected":false},"excerpt":{"rendered":"<p>A aposentadoria por idade \u00e9 uma das modalidades de aposentadoria previstas na legisla\u00e7\u00e3o previdenci\u00e1ria brasileira. Para ter direito a esse benef\u00edcio, \u00e9 necess\u00e1rio preencher alguns requisitos estabelecidos pela lei. Neste artigo, iremos abordar os principais requisitos e o c\u00e1lculo do benef\u00edcio da aposentadoria por idade. O primeiro requisito para ter direito \u00e0 aposentadoria por idade \u00e9 o tempo m\u00ednimo de contribui\u00e7\u00e3o. Para os segurados inscritos no Regime Geral de Previd\u00eancia Social (RGPS), o tempo m\u00ednimo de contribui\u00e7\u00e3o \u00e9 de 180 meses, ou seja, 15 anos. Al\u00e9m disso, \u00e9 necess\u00e1rio ter a idade m\u00ednima de 65 anos para homens e 60 anos para mulheres. O valor da renda mensal inicial da aposentadoria por idade \u00e9 calculado com base na m\u00e9dia aritm\u00e9tica simples dos maiores sal\u00e1rios de contribui\u00e7\u00e3o do segurado, correspondentes a 80% de todo o per\u00edodo contributivo. O resultado desse c\u00e1lculo \u00e9 multiplicado pelo fator previdenci\u00e1rio, que leva em considera\u00e7\u00e3o a idade do segurado, o tempo de contribui\u00e7\u00e3o e a expectativa de sobrevida. Com a reforma da previd\u00eancia, que entrou em vigor em 2019, houve mudan\u00e7as nas regras da aposentadoria por idade. A idade m\u00ednima para solicitar o benef\u00edcio foi alterada para 62 anos para mulheres e 65 anos para homens. Al\u00e9m disso, o tempo m\u00ednimo de contribui\u00e7\u00e3o para os segurados do RGPS aumentou para 20 anos. No entanto, \u00e9 importante ressaltar que as regras de transi\u00e7\u00e3o foram estabelecidas para quem j\u00e1 estava contribuindo para a Previd\u00eancia Social antes da reforma. Para esses segurados, \u00e9 poss\u00edvel se aposentar por idade com idade m\u00ednima menor e tempo de contribui\u00e7\u00e3o reduzido. Em resumo, a aposentadoria por idade \u00e9 uma modalidade de aposentadoria prevista na legisla\u00e7\u00e3o previdenci\u00e1ria brasileira. Para ter direito a esse benef\u00edcio, \u00e9 necess\u00e1rio preencher requisitos como o tempo m\u00ednimo de contribui\u00e7\u00e3o e a idade m\u00ednima exigida. Al\u00e9m disso, o c\u00e1lculo do benef\u00edcio \u00e9 feito com base na m\u00e9dia dos maiores sal\u00e1rios de contribui\u00e7\u00e3o e no fator previdenci\u00e1rio. Com a reforma da previd\u00eancia, as regras para aposentadoria por idade sofreram altera\u00e7\u00f5es, mas existem regras de transi\u00e7\u00e3o para quem j\u00e1 estava contribuindo antes da reforma. Ficou com alguma duvida? Fale agora com um de nossos especialistas, sem custo e sem sair de casa!<\/p>\n","protected":false},"author":2,"featured_media":161,"comment_status":"open","ping_status":"open","sticky":false,"template":"","format":"standard","meta":{"_editorskit_title_hidden":false,"_editorskit_reading_time":0,"_editorskit_is_block_options_detached":false,"_editorskit_block_options_position":"{}","footnotes":""},"categories":[18],"tags":[],"class_list":["post-141","post","type-post","status-publish","format-standard","has-post-thumbnail","hentry","category-direito-previdenciario"],"blocksy_meta":[],"_links":{"self":[{"href":"https:\/\/wnogueira.adv.br\/index.php?rest_route=\/wp\/v2\/posts\/141","targetHints":{"allow":["GET"]}}],"collection":[{"href":"https:\/\/wnogueira.adv.br\/index.php?rest_route=\/wp\/v2\/posts"}],"about":[{"href":"https:\/\/wnogueira.adv.br\/index.php?rest_route=\/wp\/v2\/types\/post"}],"author":[{"embeddable":true,"href":"https:\/\/wnogueira.adv.br\/index.php?rest_route=\/wp\/v2\/users\/2"}],"replies":[{"embeddable":true,"href":"https:\/\/wnogueira.adv.br\/index.php?rest_route=%2Fwp%2Fv2%2Fcomments&post=141"}],"version-history":[{"count":0,"href":"https:\/\/wnogueira.adv.br\/index.php?rest_route=\/wp\/v2\/posts\/141\/revisions"}],"wp:featuredmedia":[{"embeddable":true,"href":"https:\/\/wnogueira.adv.br\/index.php?rest_route=\/wp\/v2\/media\/161"}],"wp:attachment":[{"href":"https:\/\/wnogueira.adv.br\/index.php?rest_route=%2Fwp%2Fv2%2Fmedia&parent=141"}],"wp:term":[{"taxonomy":"category","embeddable":true,"href":"https:\/\/wnogueira.adv.br\/index.php?rest_route=%2Fwp%2Fv2%2Fcategories&post=141"},{"taxonomy":"post_tag","embeddable":true,"href":"https:\/\/wnogueira.adv.br\/index.php?rest_route=%2Fwp%2Fv2%2Ftags&post=141"}],"curies":[{"name":"wp","href":"https:\/\/api.w.org\/{rel}","templated":true}]}}