{"id":140,"date":"2023-10-25T12:12:31","date_gmt":"2023-10-25T15:12:31","guid":{"rendered":"http:\/\/autworkautomacao"},"modified":"2023-12-01T12:01:04","modified_gmt":"2023-12-01T15:01:04","slug":"beneficios-por-incapacidade-criterios-de-concessao","status":"publish","type":"post","link":"https:\/\/wnogueira.adv.br\/?p=140","title":{"rendered":"Benef\u00edcios por incapacidade: crit\u00e9rios de concess\u00e3o"},"content":{"rendered":"\n<p class=\"has-text-align-justify\">Os benef\u00edcios por incapacidade s\u00e3o uma importante prote\u00e7\u00e3o social para os trabalhadores que, por motivos de sa\u00fade, ficam impossibilitados de trabalhar. No entanto, para ter direito a esses benef\u00edcios, \u00e9 necess\u00e1rio preencher alguns crit\u00e9rios estabelecidos pela legisla\u00e7\u00e3o previdenci\u00e1ria. Nesse sentido, \u00e9 importante conhecer os principais benef\u00edcios por incapacidade e os crit\u00e9rios utilizados para sua concess\u00e3o.<\/p>\n\n\n\n<p class=\"has-text-align-justify\">Os principais benef\u00edcios por incapacidade previstos na legisla\u00e7\u00e3o previdenci\u00e1ria s\u00e3o o aux\u00edlio-doen\u00e7a e a aposentadoria por invalidez. O aux\u00edlio-doen\u00e7a \u00e9 um benef\u00edcio tempor\u00e1rio, concedido ao segurado que ficar incapacitado para o trabalho por mais de 15 dias consecutivos. J\u00e1 a aposentadoria por invalidez \u00e9 um benef\u00edcio definitivo, concedido ao segurado que ficar totalmente incapaz para o trabalho.<\/p>\n\n\n\n<p class=\"has-text-align-justify\">Para ter direito a esses benef\u00edcios, \u00e9 necess\u00e1rio passar por uma per\u00edcia m\u00e9dica do INSS, que ir\u00e1 avaliar a incapacidade do segurado. \u00c9 importante destacar que a per\u00edcia m\u00e9dica \u00e9 um dos principais crit\u00e9rios para concess\u00e3o dos benef\u00edcios por incapacidade. Sem ela, n\u00e3o \u00e9 poss\u00edvel comprovar a exist\u00eancia da incapacidade.<\/p>\n\n\n\n<p class=\"has-text-align-justify\">Al\u00e9m da per\u00edcia m\u00e9dica, \u00e9 necess\u00e1rio comprovar a incapacidade por meio de documentos m\u00e9dicos, como atestados, laudos e exames. \u00c9 importante que esses documentos estejam atualizados e sejam consistentes com a incapacidade alegada.<\/p>\n\n\n\n<p class=\"has-text-align-justify\">Outro crit\u00e9rio importante para concess\u00e3o dos benef\u00edcios por incapacidade \u00e9 a car\u00eancia. Para ter direito ao aux\u00edlio-doen\u00e7a, \u00e9 necess\u00e1rio ter contribu\u00eddo para a Previd\u00eancia Social por, no m\u00ednimo, 12 meses. J\u00e1 para a aposentadoria por invalidez, \u00e9 necess\u00e1rio ter contribu\u00eddo por, no m\u00ednimo, 12 meses e estar incapacitado para o trabalho na data em que completar a car\u00eancia.<\/p>\n\n\n\n<p class=\"has-text-align-justify\">Por fim, \u00e9 importante ressaltar que a concess\u00e3o dos benef\u00edcios por incapacidade pode ser revista pelo INSS a qualquer momento, por meio de nova per\u00edcia m\u00e9dica. Isso acontece porque a incapacidade pode ser tempor\u00e1ria e o segurado pode recuperar a capacidade para o trabalho.<\/p>\n\n\n\n<p class=\"has-text-align-justify\">Em conclus\u00e3o, os benef\u00edcios por incapacidade s\u00e3o uma importante prote\u00e7\u00e3o social para os trabalhadores que ficam impossibilitados de trabalhar por motivos de sa\u00fade. No entanto, para ter direito a esses benef\u00edcios, \u00e9 necess\u00e1rio preencher alguns crit\u00e9rios estabelecidos pela legisla\u00e7\u00e3o previdenci\u00e1ria, como a realiza\u00e7\u00e3o de per\u00edcia m\u00e9dica, a comprova\u00e7\u00e3o da incapacidade e a car\u00eancia. Conhecer esses crit\u00e9rios \u00e9 fundamental para garantir o acesso aos benef\u00edcios por incapacidade quando necess\u00e1rio.<\/p>\n\n\n\n<h2 class=\"wp-block-heading\">Ficou com alguma duvida?<\/h2>\n\n\n\n<p><strong>Fale agora com um de nossos especialistas, sem custo e sem sair de casa!<\/strong><\/p>\n\n\n\n<div class=\"wp-block-buttons is-layout-flex wp-block-buttons-is-layout-flex\">\n<div class=\"wp-block-button\"><a class=\"wp-block-button__link has-background wp-element-button\" href=\"https:\/\/wnogueira.adv.br\/falarcomespecialista\" style=\"background-color:#25d366\" target=\"_blank\" rel=\"noreferrer noopener\">Falar com Especialista<\/a><\/div>\n<\/div>\n","protected":false},"excerpt":{"rendered":"<p>Os benef\u00edcios por incapacidade s\u00e3o uma importante prote\u00e7\u00e3o social para os trabalhadores que, por motivos de sa\u00fade, ficam impossibilitados de trabalhar. No entanto, para ter direito a esses benef\u00edcios, \u00e9 necess\u00e1rio preencher alguns crit\u00e9rios estabelecidos pela legisla\u00e7\u00e3o previdenci\u00e1ria. Nesse sentido, \u00e9 importante conhecer os principais benef\u00edcios por incapacidade e os crit\u00e9rios utilizados para sua concess\u00e3o. Os principais benef\u00edcios por incapacidade previstos na legisla\u00e7\u00e3o previdenci\u00e1ria s\u00e3o o aux\u00edlio-doen\u00e7a e a aposentadoria por invalidez. O aux\u00edlio-doen\u00e7a \u00e9 um benef\u00edcio tempor\u00e1rio, concedido ao segurado que ficar incapacitado para o trabalho por mais de 15 dias consecutivos. J\u00e1 a aposentadoria por invalidez \u00e9 um benef\u00edcio definitivo, concedido ao segurado que ficar totalmente incapaz para o trabalho. Para ter direito a esses benef\u00edcios, \u00e9 necess\u00e1rio passar por uma per\u00edcia m\u00e9dica do INSS, que ir\u00e1 avaliar a incapacidade do segurado. \u00c9 importante destacar que a per\u00edcia m\u00e9dica \u00e9 um dos principais crit\u00e9rios para concess\u00e3o dos benef\u00edcios por incapacidade. Sem ela, n\u00e3o \u00e9 poss\u00edvel comprovar a exist\u00eancia da incapacidade. Al\u00e9m da per\u00edcia m\u00e9dica, \u00e9 necess\u00e1rio comprovar a incapacidade por meio de documentos m\u00e9dicos, como atestados, laudos e exames. \u00c9 importante que esses documentos estejam atualizados e sejam consistentes com a incapacidade alegada. Outro crit\u00e9rio importante para concess\u00e3o dos benef\u00edcios por incapacidade \u00e9 a car\u00eancia. Para ter direito ao aux\u00edlio-doen\u00e7a, \u00e9 necess\u00e1rio ter contribu\u00eddo para a Previd\u00eancia Social por, no m\u00ednimo, 12 meses. J\u00e1 para a aposentadoria por invalidez, \u00e9 necess\u00e1rio ter contribu\u00eddo por, no m\u00ednimo, 12 meses e estar incapacitado para o trabalho na data em que completar a car\u00eancia. Por fim, \u00e9 importante ressaltar que a concess\u00e3o dos benef\u00edcios por incapacidade pode ser revista pelo INSS a qualquer momento, por meio de nova per\u00edcia m\u00e9dica. Isso acontece porque a incapacidade pode ser tempor\u00e1ria e o segurado pode recuperar a capacidade para o trabalho. Em conclus\u00e3o, os benef\u00edcios por incapacidade s\u00e3o uma importante prote\u00e7\u00e3o social para os trabalhadores que ficam impossibilitados de trabalhar por motivos de sa\u00fade. No entanto, para ter direito a esses benef\u00edcios, \u00e9 necess\u00e1rio preencher alguns crit\u00e9rios estabelecidos pela legisla\u00e7\u00e3o previdenci\u00e1ria, como a realiza\u00e7\u00e3o de per\u00edcia m\u00e9dica, a comprova\u00e7\u00e3o da incapacidade e a car\u00eancia. Conhecer esses crit\u00e9rios \u00e9 fundamental para garantir o acesso aos benef\u00edcios por incapacidade quando necess\u00e1rio. Ficou com alguma duvida? Fale agora com um de nossos especialistas, sem custo e sem sair de casa!<\/p>\n","protected":false},"author":2,"featured_media":160,"comment_status":"open","ping_status":"open","sticky":false,"template":"","format":"standard","meta":{"_editorskit_title_hidden":false,"_editorskit_reading_time":0,"_editorskit_is_block_options_detached":false,"_editorskit_block_options_position":"{}","footnotes":""},"categories":[18],"tags":[],"class_list":["post-140","post","type-post","status-publish","format-standard","has-post-thumbnail","hentry","category-direito-previdenciario"],"blocksy_meta":[],"_links":{"self":[{"href":"https:\/\/wnogueira.adv.br\/index.php?rest_route=\/wp\/v2\/posts\/140","targetHints":{"allow":["GET"]}}],"collection":[{"href":"https:\/\/wnogueira.adv.br\/index.php?rest_route=\/wp\/v2\/posts"}],"about":[{"href":"https:\/\/wnogueira.adv.br\/index.php?rest_route=\/wp\/v2\/types\/post"}],"author":[{"embeddable":true,"href":"https:\/\/wnogueira.adv.br\/index.php?rest_route=\/wp\/v2\/users\/2"}],"replies":[{"embeddable":true,"href":"https:\/\/wnogueira.adv.br\/index.php?rest_route=%2Fwp%2Fv2%2Fcomments&post=140"}],"version-history":[{"count":0,"href":"https:\/\/wnogueira.adv.br\/index.php?rest_route=\/wp\/v2\/posts\/140\/revisions"}],"wp:featuredmedia":[{"embeddable":true,"href":"https:\/\/wnogueira.adv.br\/index.php?rest_route=\/wp\/v2\/media\/160"}],"wp:attachment":[{"href":"https:\/\/wnogueira.adv.br\/index.php?rest_route=%2Fwp%2Fv2%2Fmedia&parent=140"}],"wp:term":[{"taxonomy":"category","embeddable":true,"href":"https:\/\/wnogueira.adv.br\/index.php?rest_route=%2Fwp%2Fv2%2Fcategories&post=140"},{"taxonomy":"post_tag","embeddable":true,"href":"https:\/\/wnogueira.adv.br\/index.php?rest_route=%2Fwp%2Fv2%2Ftags&post=140"}],"curies":[{"name":"wp","href":"https:\/\/api.w.org\/{rel}","templated":true}]}}