{"id":137,"date":"2023-10-25T12:12:31","date_gmt":"2023-10-25T15:12:31","guid":{"rendered":"http:\/\/autworkautomacao"},"modified":"2023-12-01T11:59:31","modified_gmt":"2023-12-01T14:59:31","slug":"mudancas-climaticas-a-urgencia-da-regulacao-e-politicas-publicas-no-direito-ambiental","status":"publish","type":"post","link":"https:\/\/wnogueira.adv.br\/?p=137","title":{"rendered":"Mudan\u00e7as clim\u00e1ticas: a urg\u00eancia da regula\u00e7\u00e3o e pol\u00edticas p\u00fablicas no Direito Ambiental"},"content":{"rendered":"\n<p class=\"has-text-align-justify\">O aquecimento global e as mudan\u00e7as clim\u00e1ticas s\u00e3o temas que est\u00e3o cada vez mais em evid\u00eancia e t\u00eam impactos significativos no meio ambiente e na sociedade. O Direito Ambiental desempenha um papel importante na regula\u00e7\u00e3o desses impactos e na defini\u00e7\u00e3o de pol\u00edticas p\u00fablicas para mitigar seus efeitos.<\/p>\n\n\n\n<p class=\"has-text-align-justify\">As mudan\u00e7as clim\u00e1ticas s\u00e3o causadas principalmente pela emiss\u00e3o de gases de efeito estufa, que s\u00e3o liberados na atmosfera pela queima de combust\u00edveis f\u00f3sseis, desmatamento e outras atividades humanas. Esses gases causam o aquecimento global, o derretimento de geleiras, o aumento do n\u00edvel do mar e outras mudan\u00e7as clim\u00e1ticas que afetam o meio ambiente e a sociedade.<\/p>\n\n\n\n<p class=\"has-text-align-justify\">O Direito Ambiental regula as atividades que causam a emiss\u00e3o de gases de efeito estufa e estabelece normas e padr\u00f5es ambientais para a redu\u00e7\u00e3o dessas emiss\u00f5es. O Direito Ambiental tamb\u00e9m est\u00e1 relacionado com a cria\u00e7\u00e3o de pol\u00edticas p\u00fablicas para mitigar os efeitos das mudan\u00e7as clim\u00e1ticas, como incentivos para o uso de fontes renov\u00e1veis de energia e a prote\u00e7\u00e3o de \u00e1reas naturais.<\/p>\n\n\n\n<p class=\"has-text-align-justify\">A regula\u00e7\u00e3o e pol\u00edticas p\u00fablicas no Direito Ambiental s\u00e3o cruciais para enfrentar as mudan\u00e7as clim\u00e1ticas e proteger o meio ambiente e a sociedade. As empresas e governos devem assumir a responsabilidade de reduzir suas emiss\u00f5es de gases de efeito estufa e adotar pr\u00e1ticas mais sustent\u00e1veis. A sociedade tamb\u00e9m pode pressionar por pol\u00edticas p\u00fablicas mais efetivas para enfrentar as mudan\u00e7as clim\u00e1ticas.<\/p>\n\n\n\n<p class=\"has-text-align-justify\">Al\u00e9m da regula\u00e7\u00e3o e pol\u00edticas p\u00fablicas, a educa\u00e7\u00e3o e conscientiza\u00e7\u00e3o da sociedade s\u00e3o importantes para enfrentar as mudan\u00e7as clim\u00e1ticas. As pessoas devem estar cientes dos impactos das suas escolhas e h\u00e1bitos no meio ambiente e adotar pr\u00e1ticas mais sustent\u00e1veis em seu cotidiano.<\/p>\n\n\n\n<p class=\"has-text-align-justify\">Em conclus\u00e3o, as mudan\u00e7as clim\u00e1ticas s\u00e3o um desafio urgente que requer uma a\u00e7\u00e3o conjunta da sociedade, governo e empresas. O Direito Ambiental desempenha um papel crucial na regula\u00e7\u00e3o desses impactos e na defini\u00e7\u00e3o de pol\u00edticas p\u00fablicas para mitigar seus efeitos. \u00c9 importante que todos assumam a responsabilidade de adotar pr\u00e1ticas mais sustent\u00e1veis e pressionar por pol\u00edticas p\u00fablicas mais efetivas para proteger o meio ambiente e a sociedade.<\/p>\n\n\n\n<h2 class=\"wp-block-heading\">Ficou com alguma duvida?<\/h2>\n\n\n\n<p><strong>Fale agora com um de nossos especialistas, sem custo e sem sair de casa!<\/strong><\/p>\n\n\n\n<div class=\"wp-block-buttons is-layout-flex wp-block-buttons-is-layout-flex\">\n<div class=\"wp-block-button\"><a class=\"wp-block-button__link has-background wp-element-button\" href=\"https:\/\/wnogueira.adv.br\/falarcomespecialista\" style=\"background-color:#25d366\" target=\"_blank\" rel=\"noreferrer noopener\">Falar com Especialista<\/a><\/div>\n<\/div>\n","protected":false},"excerpt":{"rendered":"<p>O aquecimento global e as mudan\u00e7as clim\u00e1ticas s\u00e3o temas que est\u00e3o cada vez mais em evid\u00eancia e t\u00eam impactos significativos no meio ambiente e na sociedade. O Direito Ambiental desempenha um papel importante na regula\u00e7\u00e3o desses impactos e na defini\u00e7\u00e3o de pol\u00edticas p\u00fablicas para mitigar seus efeitos. As mudan\u00e7as clim\u00e1ticas s\u00e3o causadas principalmente pela emiss\u00e3o de gases de efeito estufa, que s\u00e3o liberados na atmosfera pela queima de combust\u00edveis f\u00f3sseis, desmatamento e outras atividades humanas. Esses gases causam o aquecimento global, o derretimento de geleiras, o aumento do n\u00edvel do mar e outras mudan\u00e7as clim\u00e1ticas que afetam o meio ambiente e a sociedade. O Direito Ambiental regula as atividades que causam a emiss\u00e3o de gases de efeito estufa e estabelece normas e padr\u00f5es ambientais para a redu\u00e7\u00e3o dessas emiss\u00f5es. O Direito Ambiental tamb\u00e9m est\u00e1 relacionado com a cria\u00e7\u00e3o de pol\u00edticas p\u00fablicas para mitigar os efeitos das mudan\u00e7as clim\u00e1ticas, como incentivos para o uso de fontes renov\u00e1veis de energia e a prote\u00e7\u00e3o de \u00e1reas naturais. A regula\u00e7\u00e3o e pol\u00edticas p\u00fablicas no Direito Ambiental s\u00e3o cruciais para enfrentar as mudan\u00e7as clim\u00e1ticas e proteger o meio ambiente e a sociedade. As empresas e governos devem assumir a responsabilidade de reduzir suas emiss\u00f5es de gases de efeito estufa e adotar pr\u00e1ticas mais sustent\u00e1veis. A sociedade tamb\u00e9m pode pressionar por pol\u00edticas p\u00fablicas mais efetivas para enfrentar as mudan\u00e7as clim\u00e1ticas. Al\u00e9m da regula\u00e7\u00e3o e pol\u00edticas p\u00fablicas, a educa\u00e7\u00e3o e conscientiza\u00e7\u00e3o da sociedade s\u00e3o importantes para enfrentar as mudan\u00e7as clim\u00e1ticas. As pessoas devem estar cientes dos impactos das suas escolhas e h\u00e1bitos no meio ambiente e adotar pr\u00e1ticas mais sustent\u00e1veis em seu cotidiano. Em conclus\u00e3o, as mudan\u00e7as clim\u00e1ticas s\u00e3o um desafio urgente que requer uma a\u00e7\u00e3o conjunta da sociedade, governo e empresas. O Direito Ambiental desempenha um papel crucial na regula\u00e7\u00e3o desses impactos e na defini\u00e7\u00e3o de pol\u00edticas p\u00fablicas para mitigar seus efeitos. \u00c9 importante que todos assumam a responsabilidade de adotar pr\u00e1ticas mais sustent\u00e1veis e pressionar por pol\u00edticas p\u00fablicas mais efetivas para proteger o meio ambiente e a sociedade. Ficou com alguma duvida? Fale agora com um de nossos especialistas, sem custo e sem sair de casa!<\/p>\n","protected":false},"author":2,"featured_media":157,"comment_status":"open","ping_status":"open","sticky":false,"template":"","format":"standard","meta":{"_editorskit_title_hidden":false,"_editorskit_reading_time":0,"_editorskit_is_block_options_detached":false,"_editorskit_block_options_position":"{}","footnotes":""},"categories":[13],"tags":[],"class_list":["post-137","post","type-post","status-publish","format-standard","has-post-thumbnail","hentry","category-direito-ambiental"],"blocksy_meta":[],"_links":{"self":[{"href":"https:\/\/wnogueira.adv.br\/index.php?rest_route=\/wp\/v2\/posts\/137","targetHints":{"allow":["GET"]}}],"collection":[{"href":"https:\/\/wnogueira.adv.br\/index.php?rest_route=\/wp\/v2\/posts"}],"about":[{"href":"https:\/\/wnogueira.adv.br\/index.php?rest_route=\/wp\/v2\/types\/post"}],"author":[{"embeddable":true,"href":"https:\/\/wnogueira.adv.br\/index.php?rest_route=\/wp\/v2\/users\/2"}],"replies":[{"embeddable":true,"href":"https:\/\/wnogueira.adv.br\/index.php?rest_route=%2Fwp%2Fv2%2Fcomments&post=137"}],"version-history":[{"count":0,"href":"https:\/\/wnogueira.adv.br\/index.php?rest_route=\/wp\/v2\/posts\/137\/revisions"}],"wp:featuredmedia":[{"embeddable":true,"href":"https:\/\/wnogueira.adv.br\/index.php?rest_route=\/wp\/v2\/media\/157"}],"wp:attachment":[{"href":"https:\/\/wnogueira.adv.br\/index.php?rest_route=%2Fwp%2Fv2%2Fmedia&parent=137"}],"wp:term":[{"taxonomy":"category","embeddable":true,"href":"https:\/\/wnogueira.adv.br\/index.php?rest_route=%2Fwp%2Fv2%2Fcategories&post=137"},{"taxonomy":"post_tag","embeddable":true,"href":"https:\/\/wnogueira.adv.br\/index.php?rest_route=%2Fwp%2Fv2%2Ftags&post=137"}],"curies":[{"name":"wp","href":"https:\/\/api.w.org\/{rel}","templated":true}]}}